{"id":11131,"date":"2020-10-24T21:18:55","date_gmt":"2020-10-24T21:18:55","guid":{"rendered":"https:\/\/enisyucel.com\/photography\/photo_story\/day-of-the-dead-souls-of-oaxaca\/"},"modified":"2024-12-29T12:40:58","modified_gmt":"2024-12-29T12:40:58","slug":"day-of-the-dead-souls-of-oaxaca","status":"publish","type":"photo_story","link":"https:\/\/enisyucel.com\/photography\/photo_story\/day-of-the-dead-souls-of-oaxaca\/","title":{"rendered":"\u00d6l\u00fcler G\u00fcn\u00fc: Oaxaca&#8217;n\u0131n Ruhlar\u0131"},"content":{"rendered":"","protected":false},"excerpt":{"rendered":"<p>D\u00eda De Los Muertos (\u00d6l\u00fcler G\u00fcn\u00fc); Meksika miras\u0131na sahip ailelerin, \u00f6l\u00fcm\u00fcn ya\u015fam\u0131n do\u011fal bir par\u00e7as\u0131 oldu\u011fu ve \u00f6len akrabalar\u0131n asla ger\u00e7ekten gitmedi\u011fi inanc\u0131yla sevinmek i\u00e7in bir araya geldikleri, son derece ki\u015fisel, \u00f6nemli bir olay.<\/p>\n","protected":false},"featured_media":18438,"parent":0,"template":"","format":"standard","meta":{"_acf_changed":false},"categories":[133],"tags":[96,99,102,103,98,97,100,101,94,95],"badge":[179],"photo_activity_type":[],"photo_tour_type":[],"workshop_locations":[],"class_list":["post-11131","photo_story","type-photo_story","status-publish","format-standard","has-post-thumbnail","hentry","category-foto-roportaj","tag-festival-fotografciligi","tag-festivalleri-fotograflamak","tag-foto-hikaye","tag-foto-roportaj","tag-gece-fotografciligi","tag-gei-fotografciligi","tag-kulturleri-fotograflamak","tag-meksika","tag-oaxaca-tr","tag-oluler-gunu","badge-culture"],"acf":[],"_links":{"self":[{"href":"https:\/\/enisyucel.com\/photography\/wp-json\/wp\/v2\/photo_story\/11131","targetHints":{"allow":["GET"]}}],"collection":[{"href":"https:\/\/enisyucel.com\/photography\/wp-json\/wp\/v2\/photo_story"}],"about":[{"href":"https:\/\/enisyucel.com\/photography\/wp-json\/wp\/v2\/types\/photo_story"}],"wp:featuredmedia":[{"embeddable":true,"href":"https:\/\/enisyucel.com\/photography\/wp-json\/wp\/v2\/media\/18438"}],"wp:attachment":[{"href":"https:\/\/enisyucel.com\/photography\/wp-json\/wp\/v2\/media?parent=11131"}],"wp:term":[{"taxonomy":"category","embeddable":true,"href":"https:\/\/enisyucel.com\/photography\/wp-json\/wp\/v2\/categories?post=11131"},{"taxonomy":"post_tag","embeddable":true,"href":"https:\/\/enisyucel.com\/photography\/wp-json\/wp\/v2\/tags?post=11131"},{"taxonomy":"badge","embeddable":true,"href":"https:\/\/enisyucel.com\/photography\/wp-json\/wp\/v2\/badge?post=11131"},{"taxonomy":"photo_activity_type","embeddable":true,"href":"https:\/\/enisyucel.com\/photography\/wp-json\/wp\/v2\/photo_activity_type?post=11131"},{"taxonomy":"photo_tour_type","embeddable":true,"href":"https:\/\/enisyucel.com\/photography\/wp-json\/wp\/v2\/photo_tour_type?post=11131"},{"taxonomy":"workshop_locations","embeddable":true,"href":"https:\/\/enisyucel.com\/photography\/wp-json\/wp\/v2\/workshop_locations?post=11131"}],"curies":[{"name":"wp","href":"https:\/\/api.w.org\/{rel}","templated":true}]}}